{"id":93756,"date":"2022-07-11T10:37:08","date_gmt":"2022-07-11T08:37:08","guid":{"rendered":"https:\/\/bzd.ewi.mybluehost.me\/website_cbf73640\/san-nicolas-el-real-en-guadalajara\/"},"modified":"2026-02-14T16:01:55","modified_gmt":"2026-02-14T15:01:55","slug":"san-nicolas-el-real-in-guadalajara","status":"publish","type":"post","link":"https:\/\/www.udeaudio.com\/en\/san-nicolas-el-real-in-guadalajara\/","title":{"rendered":"San Nicol\u00e1s el Real in Guadalajara"},"content":{"rendered":"<h2 data-ogsb=\"white\">San Nicol\u00e1s el Real in Guadalajara<\/h2>\n<p>On July 5th, coinciding with the Thanksgiving Mass, the Parish of San Nicol\u00e1s el Real in Guadalajara was reopened. This reopening was eagerly awaited by many parishioners after months of renovations and refurbishment.<\/p>\n<p>UDE, in collaboration with our distributor for the Diocese of Sig\u00fcenza-Guadalajara, Musical Express, played a key role in this project by providing the public address system. This system included our Line Array ACD self-powered acoustic columns for the nave and transept, AC-150 columns for the side aisles, along with the AXD-129 amplifier and WXD-19 decoupler module, as well as two CM-152 and CM-253 microphones for the main altar.<\/p>\n\n<figure class=\"wp-block-gallery has-nested-images columns-default is-cropped wp-block-gallery-1 is-layout-flex wp-block-gallery-is-layout-flex\">\n<figure class=\"wp-block-image size-large\"><img fetchpriority=\"high\" decoding=\"async\" width=\"674\" height=\"1024\" data-id=\"93634\" src=\"https:\/\/www.udeaudio.com\/wp-content\/uploads\/san-nicolas-1.jpg\" alt=\"guadalajara nicolas el real church parroquia\" class=\"wp-image-93634\" srcset=\"https:\/\/www.udeaudio.com\/wp-content\/uploads\/san-nicolas-1.jpg 674w, https:\/\/www.udeaudio.com\/wp-content\/uploads\/san-nicolas-1-600x912.jpg 600w, https:\/\/www.udeaudio.com\/wp-content\/uploads\/san-nicolas-1-197x300.jpg 197w\" sizes=\"(max-width: 674px) 100vw, 674px\" \/><\/figure>\n\n\n\n<figure class=\"wp-block-image size-large\"><img decoding=\"async\" width=\"577\" height=\"1024\" data-id=\"93638\" src=\"https:\/\/www.udeaudio.com\/wp-content\/uploads\/f0fac777-3fe0-4caf-9f18-894f637dadca-577x1024.jpg\" alt=\"\" class=\"wp-image-93638\" srcset=\"https:\/\/www.udeaudio.com\/wp-content\/uploads\/f0fac777-3fe0-4caf-9f18-894f637dadca-577x1024.jpg 577w, https:\/\/www.udeaudio.com\/wp-content\/uploads\/f0fac777-3fe0-4caf-9f18-894f637dadca-600x1065.jpg 600w, https:\/\/www.udeaudio.com\/wp-content\/uploads\/f0fac777-3fe0-4caf-9f18-894f637dadca-169x300.jpg 169w, https:\/\/www.udeaudio.com\/wp-content\/uploads\/f0fac777-3fe0-4caf-9f18-894f637dadca-768x1364.jpg 768w, https:\/\/www.udeaudio.com\/wp-content\/uploads\/f0fac777-3fe0-4caf-9f18-894f637dadca-865x1536.jpg 865w, https:\/\/www.udeaudio.com\/wp-content\/uploads\/f0fac777-3fe0-4caf-9f18-894f637dadca.jpg 901w\" sizes=\"(max-width: 577px) 100vw, 577px\" \/><\/figure>\n<\/figure>\n","protected":false},"excerpt":{"rendered":"<p>San Nicol\u00e1s el Real in Guadalajara On July 5th, coinciding with the Thanksgiving Mass, the Parish of San Nicol\u00e1s el Real in Guadalajara was reopened. This reopening was eagerly awaited by many parishioners after months of renovations and refurbishment. UDE, in collaboration with our distributor for the Diocese of Sig\u00fcenza-Guadalajara, Musical Express, played a key [&hellip;]<\/p>\n","protected":false},"author":2,"featured_media":93636,"comment_status":"closed","ping_status":"open","sticky":false,"template":"","format":"standard","meta":{"footnotes":""},"categories":[70],"tags":[],"class_list":["post-93756","post","type-post","status-publish","format-standard","has-post-thumbnail","hentry","category-news"],"yoast_head":"<!-- This site is optimized with the Yoast SEO plugin v27.5 - https:\/\/yoast.com\/product\/yoast-seo-wordpress\/ -->\n<title>San Nicol\u00e1s el Real in Guadalajara - UDE Audio<\/title>\n<meta name=\"description\" content=\"Renovaci\u00f3n del sistema de megafon\u00eda en la Parroquia de San Nicol\u00e1s el Real en Guadalajara con las columnas Line Array.\" \/>\n<meta name=\"robots\" content=\"index, follow, max-snippet:-1, max-image-preview:large, max-video-preview:-1\" \/>\n<link rel=\"canonical\" href=\"https:\/\/www.udeaudio.com\/en\/san-nicolas-el-real-in-guadalajara\/\" \/>\n<meta property=\"og:locale\" content=\"en_US\" \/>\n<meta property=\"og:type\" content=\"article\" \/>\n<meta property=\"og:title\" content=\"San Nicol\u00e1s el Real in Guadalajara - UDE Audio\" \/>\n<meta property=\"og:description\" content=\"Renovaci\u00f3n del sistema de megafon\u00eda en la Parroquia de San Nicol\u00e1s el Real en Guadalajara con las columnas Line Array.\" \/>\n<meta property=\"og:url\" content=\"https:\/\/www.udeaudio.com\/en\/san-nicolas-el-real-in-guadalajara\/\" \/>\n<meta property=\"og:site_name\" content=\"UDE Audio\" \/>\n<meta property=\"article:publisher\" content=\"https:\/\/es-es.facebook.com\/pg\/udeaudio\/posts\/\" \/>\n<meta property=\"article:published_time\" content=\"2022-07-11T08:37:08+00:00\" \/>\n<meta property=\"article:modified_time\" content=\"2026-02-14T15:01:55+00:00\" \/>\n<meta property=\"og:image\" content=\"https:\/\/www.udeaudio.com\/wp-content\/uploads\/san-nicolas-1.jpg\" \/>\n\t<meta property=\"og:image:width\" content=\"674\" \/>\n\t<meta property=\"og:image:height\" content=\"1024\" \/>\n\t<meta property=\"og:image:type\" content=\"image\/jpeg\" \/>\n<meta name=\"author\" content=\"Jorge\" \/>\n<meta name=\"twitter:card\" content=\"summary_large_image\" \/>\n<meta name=\"twitter:creator\" content=\"@udeaudio\" \/>\n<meta name=\"twitter:site\" content=\"@udeaudio\" \/>\n<meta name=\"twitter:label1\" content=\"Written by\" \/>\n\t<meta name=\"twitter:data1\" content=\"Jorge\" \/>\n\t<meta name=\"twitter:label2\" content=\"Est. reading time\" \/>\n\t<meta name=\"twitter:data2\" content=\"1 minute\" \/>\n<script type=\"application\/ld+json\" class=\"yoast-schema-graph\">{\"@context\":\"https:\\\/\\\/schema.org\",\"@graph\":[{\"@type\":\"Article\",\"@id\":\"https:\\\/\\\/www.udeaudio.com\\\/en\\\/san-nicolas-el-real-in-guadalajara\\\/#article\",\"isPartOf\":{\"@id\":\"https:\\\/\\\/www.udeaudio.com\\\/en\\\/san-nicolas-el-real-in-guadalajara\\\/\"},\"author\":{\"name\":\"Jorge\",\"@id\":\"https:\\\/\\\/www.udeaudio.com\\\/#\\\/schema\\\/person\\\/66f89715486630bf0913ac03caceb17c\"},\"headline\":\"San Nicol\u00e1s el Real in Guadalajara\",\"datePublished\":\"2022-07-11T08:37:08+00:00\",\"dateModified\":\"2026-02-14T15:01:55+00:00\",\"mainEntityOfPage\":{\"@id\":\"https:\\\/\\\/www.udeaudio.com\\\/en\\\/san-nicolas-el-real-in-guadalajara\\\/\"},\"wordCount\":117,\"publisher\":{\"@id\":\"https:\\\/\\\/www.udeaudio.com\\\/#organization\"},\"image\":{\"@id\":\"https:\\\/\\\/www.udeaudio.com\\\/en\\\/san-nicolas-el-real-in-guadalajara\\\/#primaryimage\"},\"thumbnailUrl\":\"https:\\\/\\\/www.udeaudio.com\\\/wp-content\\\/uploads\\\/san-nicolas-1.jpg\",\"articleSection\":[\"News\"],\"inLanguage\":\"en-US\"},{\"@type\":\"WebPage\",\"@id\":\"https:\\\/\\\/www.udeaudio.com\\\/en\\\/san-nicolas-el-real-in-guadalajara\\\/\",\"url\":\"https:\\\/\\\/www.udeaudio.com\\\/en\\\/san-nicolas-el-real-in-guadalajara\\\/\",\"name\":\"San Nicol\u00e1s el Real in Guadalajara - UDE Audio\",\"isPartOf\":{\"@id\":\"https:\\\/\\\/www.udeaudio.com\\\/#website\"},\"primaryImageOfPage\":{\"@id\":\"https:\\\/\\\/www.udeaudio.com\\\/en\\\/san-nicolas-el-real-in-guadalajara\\\/#primaryimage\"},\"image\":{\"@id\":\"https:\\\/\\\/www.udeaudio.com\\\/en\\\/san-nicolas-el-real-in-guadalajara\\\/#primaryimage\"},\"thumbnailUrl\":\"https:\\\/\\\/www.udeaudio.com\\\/wp-content\\\/uploads\\\/san-nicolas-1.jpg\",\"datePublished\":\"2022-07-11T08:37:08+00:00\",\"dateModified\":\"2026-02-14T15:01:55+00:00\",\"description\":\"Renovaci\u00f3n del sistema de megafon\u00eda en la Parroquia de San Nicol\u00e1s el Real en Guadalajara con las columnas Line Array.\",\"breadcrumb\":{\"@id\":\"https:\\\/\\\/www.udeaudio.com\\\/en\\\/san-nicolas-el-real-in-guadalajara\\\/#breadcrumb\"},\"inLanguage\":\"en-US\",\"potentialAction\":[{\"@type\":\"ReadAction\",\"target\":[\"https:\\\/\\\/www.udeaudio.com\\\/en\\\/san-nicolas-el-real-in-guadalajara\\\/\"]}]},{\"@type\":\"ImageObject\",\"inLanguage\":\"en-US\",\"@id\":\"https:\\\/\\\/www.udeaudio.com\\\/en\\\/san-nicolas-el-real-in-guadalajara\\\/#primaryimage\",\"url\":\"https:\\\/\\\/www.udeaudio.com\\\/wp-content\\\/uploads\\\/san-nicolas-1.jpg\",\"contentUrl\":\"https:\\\/\\\/www.udeaudio.com\\\/wp-content\\\/uploads\\\/san-nicolas-1.jpg\",\"width\":674,\"height\":1024,\"caption\":\"guadalajara nicolas el real church parroquia\"},{\"@type\":\"BreadcrumbList\",\"@id\":\"https:\\\/\\\/www.udeaudio.com\\\/en\\\/san-nicolas-el-real-in-guadalajara\\\/#breadcrumb\",\"itemListElement\":[{\"@type\":\"ListItem\",\"position\":1,\"name\":\"Home\",\"item\":\"https:\\\/\\\/www.udeaudio.com\\\/\"},{\"@type\":\"ListItem\",\"position\":2,\"name\":\"San Nicol\u00e1s el Real in Guadalajara\"}]},{\"@type\":\"WebSite\",\"@id\":\"https:\\\/\\\/www.udeaudio.com\\\/#website\",\"url\":\"https:\\\/\\\/www.udeaudio.com\\\/\",\"name\":\"UDE Audio. Sistemas y equipos de megafon\u00eda\",\"description\":\"Sistemas y equipos de megafon\u00eda\",\"publisher\":{\"@id\":\"https:\\\/\\\/www.udeaudio.com\\\/#organization\"},\"potentialAction\":[{\"@type\":\"SearchAction\",\"target\":{\"@type\":\"EntryPoint\",\"urlTemplate\":\"https:\\\/\\\/www.udeaudio.com\\\/?s={search_term_string}\"},\"query-input\":{\"@type\":\"PropertyValueSpecification\",\"valueRequired\":true,\"valueName\":\"search_term_string\"}}],\"inLanguage\":\"en-US\"},{\"@type\":\"Organization\",\"@id\":\"https:\\\/\\\/www.udeaudio.com\\\/#organization\",\"name\":\"UDE Audio\",\"url\":\"https:\\\/\\\/www.udeaudio.com\\\/\",\"logo\":{\"@type\":\"ImageObject\",\"inLanguage\":\"en-US\",\"@id\":\"https:\\\/\\\/www.udeaudio.com\\\/#\\\/schema\\\/logo\\\/image\\\/\",\"url\":\"https:\\\/\\\/www.udeaudio.com\\\/wp-content\\\/uploads\\\/cropped-favicon.png\",\"contentUrl\":\"https:\\\/\\\/www.udeaudio.com\\\/wp-content\\\/uploads\\\/cropped-favicon.png\",\"width\":512,\"height\":512,\"caption\":\"UDE Audio\"},\"image\":{\"@id\":\"https:\\\/\\\/www.udeaudio.com\\\/#\\\/schema\\\/logo\\\/image\\\/\"},\"sameAs\":[\"https:\\\/\\\/es-es.facebook.com\\\/pg\\\/udeaudio\\\/posts\\\/\",\"https:\\\/\\\/x.com\\\/udeaudio\",\"https:\\\/\\\/www.linkedin.com\\\/company\\\/ude-audio\\\/\"]},{\"@type\":\"Person\",\"@id\":\"https:\\\/\\\/www.udeaudio.com\\\/#\\\/schema\\\/person\\\/66f89715486630bf0913ac03caceb17c\",\"name\":\"Jorge\",\"url\":\"https:\\\/\\\/www.udeaudio.com\\\/en\\\/author\\\/j-meridaudeaudio-com\\\/\"}]}<\/script>\n<!-- \/ Yoast SEO plugin. -->","yoast_head_json":{"title":"San Nicol\u00e1s el Real in Guadalajara - UDE Audio","description":"Renovaci\u00f3n del sistema de megafon\u00eda en la Parroquia de San Nicol\u00e1s el Real en Guadalajara con las columnas Line Array.","robots":{"index":"index","follow":"follow","max-snippet":"max-snippet:-1","max-image-preview":"max-image-preview:large","max-video-preview":"max-video-preview:-1"},"canonical":"https:\/\/www.udeaudio.com\/en\/san-nicolas-el-real-in-guadalajara\/","og_locale":"en_US","og_type":"article","og_title":"San Nicol\u00e1s el Real in Guadalajara - UDE Audio","og_description":"Renovaci\u00f3n del sistema de megafon\u00eda en la Parroquia de San Nicol\u00e1s el Real en Guadalajara con las columnas Line Array.","og_url":"https:\/\/www.udeaudio.com\/en\/san-nicolas-el-real-in-guadalajara\/","og_site_name":"UDE Audio","article_publisher":"https:\/\/es-es.facebook.com\/pg\/udeaudio\/posts\/","article_published_time":"2022-07-11T08:37:08+00:00","article_modified_time":"2026-02-14T15:01:55+00:00","og_image":[{"width":674,"height":1024,"url":"https:\/\/www.udeaudio.com\/wp-content\/uploads\/san-nicolas-1.jpg","type":"image\/jpeg"}],"author":"Jorge","twitter_card":"summary_large_image","twitter_creator":"@udeaudio","twitter_site":"@udeaudio","twitter_misc":{"Written by":"Jorge","Est. reading time":"1 minute"},"schema":{"@context":"https:\/\/schema.org","@graph":[{"@type":"Article","@id":"https:\/\/www.udeaudio.com\/en\/san-nicolas-el-real-in-guadalajara\/#article","isPartOf":{"@id":"https:\/\/www.udeaudio.com\/en\/san-nicolas-el-real-in-guadalajara\/"},"author":{"name":"Jorge","@id":"https:\/\/www.udeaudio.com\/#\/schema\/person\/66f89715486630bf0913ac03caceb17c"},"headline":"San Nicol\u00e1s el Real in Guadalajara","datePublished":"2022-07-11T08:37:08+00:00","dateModified":"2026-02-14T15:01:55+00:00","mainEntityOfPage":{"@id":"https:\/\/www.udeaudio.com\/en\/san-nicolas-el-real-in-guadalajara\/"},"wordCount":117,"publisher":{"@id":"https:\/\/www.udeaudio.com\/#organization"},"image":{"@id":"https:\/\/www.udeaudio.com\/en\/san-nicolas-el-real-in-guadalajara\/#primaryimage"},"thumbnailUrl":"https:\/\/www.udeaudio.com\/wp-content\/uploads\/san-nicolas-1.jpg","articleSection":["News"],"inLanguage":"en-US"},{"@type":"WebPage","@id":"https:\/\/www.udeaudio.com\/en\/san-nicolas-el-real-in-guadalajara\/","url":"https:\/\/www.udeaudio.com\/en\/san-nicolas-el-real-in-guadalajara\/","name":"San Nicol\u00e1s el Real in Guadalajara - UDE Audio","isPartOf":{"@id":"https:\/\/www.udeaudio.com\/#website"},"primaryImageOfPage":{"@id":"https:\/\/www.udeaudio.com\/en\/san-nicolas-el-real-in-guadalajara\/#primaryimage"},"image":{"@id":"https:\/\/www.udeaudio.com\/en\/san-nicolas-el-real-in-guadalajara\/#primaryimage"},"thumbnailUrl":"https:\/\/www.udeaudio.com\/wp-content\/uploads\/san-nicolas-1.jpg","datePublished":"2022-07-11T08:37:08+00:00","dateModified":"2026-02-14T15:01:55+00:00","description":"Renovaci\u00f3n del sistema de megafon\u00eda en la Parroquia de San Nicol\u00e1s el Real en Guadalajara con las columnas Line Array.","breadcrumb":{"@id":"https:\/\/www.udeaudio.com\/en\/san-nicolas-el-real-in-guadalajara\/#breadcrumb"},"inLanguage":"en-US","potentialAction":[{"@type":"ReadAction","target":["https:\/\/www.udeaudio.com\/en\/san-nicolas-el-real-in-guadalajara\/"]}]},{"@type":"ImageObject","inLanguage":"en-US","@id":"https:\/\/www.udeaudio.com\/en\/san-nicolas-el-real-in-guadalajara\/#primaryimage","url":"https:\/\/www.udeaudio.com\/wp-content\/uploads\/san-nicolas-1.jpg","contentUrl":"https:\/\/www.udeaudio.com\/wp-content\/uploads\/san-nicolas-1.jpg","width":674,"height":1024,"caption":"guadalajara nicolas el real church parroquia"},{"@type":"BreadcrumbList","@id":"https:\/\/www.udeaudio.com\/en\/san-nicolas-el-real-in-guadalajara\/#breadcrumb","itemListElement":[{"@type":"ListItem","position":1,"name":"Home","item":"https:\/\/www.udeaudio.com\/"},{"@type":"ListItem","position":2,"name":"San Nicol\u00e1s el Real in Guadalajara"}]},{"@type":"WebSite","@id":"https:\/\/www.udeaudio.com\/#website","url":"https:\/\/www.udeaudio.com\/","name":"UDE Audio. Sistemas y equipos de megafon\u00eda","description":"Sistemas y equipos de megafon\u00eda","publisher":{"@id":"https:\/\/www.udeaudio.com\/#organization"},"potentialAction":[{"@type":"SearchAction","target":{"@type":"EntryPoint","urlTemplate":"https:\/\/www.udeaudio.com\/?s={search_term_string}"},"query-input":{"@type":"PropertyValueSpecification","valueRequired":true,"valueName":"search_term_string"}}],"inLanguage":"en-US"},{"@type":"Organization","@id":"https:\/\/www.udeaudio.com\/#organization","name":"UDE Audio","url":"https:\/\/www.udeaudio.com\/","logo":{"@type":"ImageObject","inLanguage":"en-US","@id":"https:\/\/www.udeaudio.com\/#\/schema\/logo\/image\/","url":"https:\/\/www.udeaudio.com\/wp-content\/uploads\/cropped-favicon.png","contentUrl":"https:\/\/www.udeaudio.com\/wp-content\/uploads\/cropped-favicon.png","width":512,"height":512,"caption":"UDE Audio"},"image":{"@id":"https:\/\/www.udeaudio.com\/#\/schema\/logo\/image\/"},"sameAs":["https:\/\/es-es.facebook.com\/pg\/udeaudio\/posts\/","https:\/\/x.com\/udeaudio","https:\/\/www.linkedin.com\/company\/ude-audio\/"]},{"@type":"Person","@id":"https:\/\/www.udeaudio.com\/#\/schema\/person\/66f89715486630bf0913ac03caceb17c","name":"Jorge","url":"https:\/\/www.udeaudio.com\/en\/author\/j-meridaudeaudio-com\/"}]}},"_links":{"self":[{"href":"https:\/\/www.udeaudio.com\/en\/wp-json\/wp\/v2\/posts\/93756","targetHints":{"allow":["GET"]}}],"collection":[{"href":"https:\/\/www.udeaudio.com\/en\/wp-json\/wp\/v2\/posts"}],"about":[{"href":"https:\/\/www.udeaudio.com\/en\/wp-json\/wp\/v2\/types\/post"}],"author":[{"embeddable":true,"href":"https:\/\/www.udeaudio.com\/en\/wp-json\/wp\/v2\/users\/2"}],"replies":[{"embeddable":true,"href":"https:\/\/www.udeaudio.com\/en\/wp-json\/wp\/v2\/comments?post=93756"}],"version-history":[{"count":4,"href":"https:\/\/www.udeaudio.com\/en\/wp-json\/wp\/v2\/posts\/93756\/revisions"}],"predecessor-version":[{"id":105555,"href":"https:\/\/www.udeaudio.com\/en\/wp-json\/wp\/v2\/posts\/93756\/revisions\/105555"}],"wp:featuredmedia":[{"embeddable":true,"href":"https:\/\/www.udeaudio.com\/en\/wp-json\/wp\/v2\/media\/93636"}],"wp:attachment":[{"href":"https:\/\/www.udeaudio.com\/en\/wp-json\/wp\/v2\/media?parent=93756"}],"wp:term":[{"taxonomy":"category","embeddable":true,"href":"https:\/\/www.udeaudio.com\/en\/wp-json\/wp\/v2\/categories?post=93756"},{"taxonomy":"post_tag","embeddable":true,"href":"https:\/\/www.udeaudio.com\/en\/wp-json\/wp\/v2\/tags?post=93756"}],"curies":[{"name":"wp","href":"https:\/\/api.w.org\/{rel}","templated":true}]}}